{"id":612,"date":"2019-05-17T13:45:04","date_gmt":"2019-05-17T13:45:04","guid":{"rendered":"http:\/\/tiszaalparise.hu\/?p=612"},"modified":"2019-05-17T13:45:04","modified_gmt":"2019-05-17T13:45:04","slug":"a-hetvegi-program-5","status":"publish","type":"post","link":"http:\/\/tiszaalparise.hu\/?p=612","title":{"rendered":"A h\u00e9tv\u00e9gi program"},"content":{"rendered":"<p><strong><span style=\"font-size: medium; color: #008000;\">U-7-es \u00e9s U-9-es csapataink szombaton, 9 \u00f3r\u00e1s kezdettel vesznek r\u00e9szt az OTP Bank Bozsik-Program \u00e1ltal szervezett torn\u00e1n, Kecskem\u00e9ten, a Sz\u00e9kt\u00f3i Stadionban.<\/span><\/strong><\/p>\n<p><strong><span style=\"font-size: medium; color: #008000;\">U-14-es csapatunk, vas\u00e1rnap 10 \u00f3r\u00e1t\u00f3l, hazai k\u00f6rnyezetben l\u00e9p p\u00e1ly\u00e1ra a Mercedes-KLC &#8222;C&#8221; csapata ellen.<\/span><\/strong><\/p>\n<div>\n<p><strong><span style=\"font-size: medium; color: #008000;\">Megyei II. oszt\u00e1ly\u00fa csapataink szombaton Het\u00e9nyegyh\u00e1z\u00e1n vend\u00e9gszerepelnek.<\/span><\/strong><br \/>\n<strong><span style=\"font-size: medium; color: #008000;\"> U-19-es csapatunk 14:45-t\u0151l, m\u00edg feln\u0151tt csapatunk 17 \u00f3r\u00e1t\u00f3l l\u00e9p p\u00e1ly\u00e1ra.<\/span><\/strong><\/p>\n<p><strong><span style=\"font-size: medium; color: #008000;\">V\u00e1runk Minden Kedves Szurkol\u00f3t!<\/span><\/strong><\/p>\n<p><strong><span style=\"font-size: medium; color: #008000;\">HAJR\u00c1 ASE!!!<\/span><\/strong><\/p>\n<\/div>\n","protected":false},"excerpt":{"rendered":"<p>U-7-es \u00e9s U-9-es csapataink szombaton, 9 \u00f3r\u00e1s kezdettel vesznek r\u00e9szt az OTP Bank Bozsik-Program \u00e1ltal szervezett torn\u00e1n, Kecskem\u00e9ten, a Sz\u00e9kt\u00f3i<\/p>\n","protected":false},"author":178,"featured_media":0,"comment_status":"open","ping_status":"open","sticky":false,"template":"","format":"standard","meta":{"colormag_page_container_layout":"default_layout","colormag_page_sidebar_layout":"default_layout","footnotes":""},"categories":[4],"tags":[],"class_list":["post-612","post","type-post","status-publish","format-standard","hentry","category-hirek"],"_links":{"self":[{"href":"http:\/\/tiszaalparise.hu\/index.php?rest_route=\/wp\/v2\/posts\/612","targetHints":{"allow":["GET"]}}],"collection":[{"href":"http:\/\/tiszaalparise.hu\/index.php?rest_route=\/wp\/v2\/posts"}],"about":[{"href":"http:\/\/tiszaalparise.hu\/index.php?rest_route=\/wp\/v2\/types\/post"}],"author":[{"embeddable":true,"href":"http:\/\/tiszaalparise.hu\/index.php?rest_route=\/wp\/v2\/users\/178"}],"replies":[{"embeddable":true,"href":"http:\/\/tiszaalparise.hu\/index.php?rest_route=%2Fwp%2Fv2%2Fcomments&post=612"}],"version-history":[{"count":1,"href":"http:\/\/tiszaalparise.hu\/index.php?rest_route=\/wp\/v2\/posts\/612\/revisions"}],"predecessor-version":[{"id":613,"href":"http:\/\/tiszaalparise.hu\/index.php?rest_route=\/wp\/v2\/posts\/612\/revisions\/613"}],"wp:attachment":[{"href":"http:\/\/tiszaalparise.hu\/index.php?rest_route=%2Fwp%2Fv2%2Fmedia&parent=612"}],"wp:term":[{"taxonomy":"category","embeddable":true,"href":"http:\/\/tiszaalparise.hu\/index.php?rest_route=%2Fwp%2Fv2%2Fcategories&post=612"},{"taxonomy":"post_tag","embeddable":true,"href":"http:\/\/tiszaalparise.hu\/index.php?rest_route=%2Fwp%2Fv2%2Ftags&post=612"}],"curies":[{"name":"wp","href":"https:\/\/api.w.org\/{rel}","templated":true}]}}