{"id":606,"date":"2019-05-10T09:25:30","date_gmt":"2019-05-10T09:25:30","guid":{"rendered":"http:\/\/tiszaalparise.hu\/?p=606"},"modified":"2019-05-10T11:27:19","modified_gmt":"2019-05-10T11:27:19","slug":"a-hetvegi-program-4","status":"publish","type":"post","link":"http:\/\/tiszaalparise.hu\/?p=606","title":{"rendered":"A h\u00e9tv\u00e9gi program"},"content":{"rendered":"<p><span style=\"color: #008000;\"><strong><span style=\"font-size: medium;\">U-14-es csapatunk szombaton Kiskunf\u00e9legyh\u00e1z\u00e1n l\u00e9p p\u00e1ly\u00e1ra, bajnoki m\u00e9rk\u0151z\u00e9sen, 10 \u00f3r\u00e1t\u00f3l, a F\u00e9legyh\u00e1zi TSI &#8211; B ellen.<\/span><\/strong><\/span><\/p>\n<p><span style=\"color: #008000;\"><strong><span style=\"font-size: medium;\">Feln\u0151tt \u00e9s U-19-es labdar\u00fag\u00f3 csapatunk hazai k\u00f6rnyezetben fogadja a Helv\u00e9ciai SE csapat\u00e1t, szombaton 17 \u00f3r\u00e1s kezdettel, bajnoki m\u00e9rk\u0151z\u00e9sen.<\/span><\/strong><\/span><\/p>\n<div>\n<p><span style=\"color: #008000;\"><strong><span style=\"font-size: medium;\">U-11-es \u00e9s U-13-as csapataink h\u00e9tf\u0151n, 17 \u00f3r\u00e1s kezdettel vesznek r\u00e9szt az OTP Bank Bozsik-Program \u00e1ltal szervezett torn\u00e1n, Kecskem\u00e9ten, Sz\u00e9kt\u00f3i Stadionban.<\/span><\/strong><\/span><\/p>\n<p><span style=\"color: #008000;\"><strong><span style=\"font-size: medium;\">K\u00e9zilabda csapatunk szombaton 17 \u00f3r\u00e1t\u00f3l l\u00e9p p\u00e1ly\u00e1ra, Soltvadkerten.<\/span><\/strong><\/span><\/p>\n<p><span style=\"color: #008000;\"><strong><span style=\"font-size: medium;\">V\u00e1runk Minden Kedves Szurkol\u00f3t!!!<\/span><\/strong><\/span><\/p>\n<p><span style=\"color: #008000;\"><strong><span style=\"font-size: medium;\">HAJR\u00c1 ASE!!!<\/span><\/strong><\/span><\/p>\n<\/div>\n","protected":false},"excerpt":{"rendered":"<p>U-14-es csapatunk szombaton Kiskunf\u00e9legyh\u00e1z\u00e1n l\u00e9p p\u00e1ly\u00e1ra, bajnoki m\u00e9rk\u0151z\u00e9sen, 10 \u00f3r\u00e1t\u00f3l, a F\u00e9legyh\u00e1zi TSI &#8211; B ellen. Feln\u0151tt \u00e9s U-19-es labdar\u00fag\u00f3<\/p>\n","protected":false},"author":178,"featured_media":0,"comment_status":"open","ping_status":"open","sticky":false,"template":"","format":"standard","meta":{"colormag_page_container_layout":"default_layout","colormag_page_sidebar_layout":"default_layout","footnotes":""},"categories":[4],"tags":[],"class_list":["post-606","post","type-post","status-publish","format-standard","hentry","category-hirek"],"_links":{"self":[{"href":"http:\/\/tiszaalparise.hu\/index.php?rest_route=\/wp\/v2\/posts\/606","targetHints":{"allow":["GET"]}}],"collection":[{"href":"http:\/\/tiszaalparise.hu\/index.php?rest_route=\/wp\/v2\/posts"}],"about":[{"href":"http:\/\/tiszaalparise.hu\/index.php?rest_route=\/wp\/v2\/types\/post"}],"author":[{"embeddable":true,"href":"http:\/\/tiszaalparise.hu\/index.php?rest_route=\/wp\/v2\/users\/178"}],"replies":[{"embeddable":true,"href":"http:\/\/tiszaalparise.hu\/index.php?rest_route=%2Fwp%2Fv2%2Fcomments&post=606"}],"version-history":[{"count":2,"href":"http:\/\/tiszaalparise.hu\/index.php?rest_route=\/wp\/v2\/posts\/606\/revisions"}],"predecessor-version":[{"id":611,"href":"http:\/\/tiszaalparise.hu\/index.php?rest_route=\/wp\/v2\/posts\/606\/revisions\/611"}],"wp:attachment":[{"href":"http:\/\/tiszaalparise.hu\/index.php?rest_route=%2Fwp%2Fv2%2Fmedia&parent=606"}],"wp:term":[{"taxonomy":"category","embeddable":true,"href":"http:\/\/tiszaalparise.hu\/index.php?rest_route=%2Fwp%2Fv2%2Fcategories&post=606"},{"taxonomy":"post_tag","embeddable":true,"href":"http:\/\/tiszaalparise.hu\/index.php?rest_route=%2Fwp%2Fv2%2Ftags&post=606"}],"curies":[{"name":"wp","href":"https:\/\/api.w.org\/{rel}","templated":true}]}}